{"id":1,"date":"2014-01-27T13:23:40","date_gmt":"2014-01-27T13:23:40","guid":{"rendered":"http:\/\/humanisten-bayernspd.de\/blog\/?p=1"},"modified":"2014-05-22T17:27:19","modified_gmt":"2014-05-22T16:27:19","slug":"hello-world","status":"publish","type":"post","link":"https:\/\/humanisten-bayernspd.de\/blog\/hello-world\/","title":{"rendered":"Ingrid Matth\u00e4us-Maier: Katholisch operieren \u2013 evangelisch Fenster putzen? Vortrag am 7.2.2014"},"content":{"rendered":"<p>Ein Vortrag von Ingrid Matth\u00e4us-Maier zum kirchlichen Arbeitsrecht:<br \/>\n<strong>Freitag, 7. Februar 2014, 19 Uhr, Humanistisches Zentrum N\u00fcrnberg, Kinkelstra\u00dfe 12<\/strong><br \/>\nIngrid Matth\u00e4us-Maier ist Sprecherin der Kampagne \u201eGegen religi\u00f6se Diskriminierung am\u00a0 Arbeitsplatz\u201c und langj\u00e4hrige stellvertretende Vorsitzende der SPD-Bundestagsfraktion.<\/p>\n<p><!--more--><\/p>\n<p><strong>Worum geht es?<\/strong><br \/>\nRund 1,3 Mio. Besch\u00e4ftigte arbeiten in Deutschland in kirchlichen<br \/>\nEinrichtungen. Fast alle diese Arbeitspl\u00e4tze werden weitgehend durch Steuern, Kranken- oder Sozialkassenbeitr\u00e4ge und Eigenbeteiligung derjenigen finanziert, die diese Leistungen in Anspruch nehmen. Der finanzielle Beitrag der Kirchen in diesem Bereich ist verschwindend gering. Trotzdem gilt hier ein besonderes Arbeitsrecht, das den Besch\u00e4ftigten z. B. das Streikrecht entzieht \u2013 laut Verfassung ein Menschenrecht. Auch die Mitbestimmungsregeln<br \/>\ndes Betriebsverfassungsgesetzes gelten in christlichen Einrichtungen nicht. Die kirchlichen Arbeitgeber haben das Recht, Nichtgl\u00e4ubige zu diskriminieren und ihnen die Arbeit in einer ihrer Einrichtungen zu verwehren. Ist das noch zeitgem\u00e4\u00df oder sollte das gleiche Arbeitsrecht f\u00fcr alle gelten?<br \/>\n<strong>Ingrid Matth\u00e4us-Maier<\/strong><br \/>\nstudierte Rechtswissenschaft und war danach bis 1976 als Verwaltungsrichterin<br \/>\nin M\u00fcnster t\u00e4tig. 1969 trat sie in die FDP ein. 1972 wurde sie Bundesvorsitzende der Jungdemokraten. Nach dem Koalitionswechsel 1982 trat sie aus der FDP aus und in die SPD ein. Sie war langj\u00e4hriges Mitglied des Bundestages und von 1999 bis 2008 im Vorstand der Kreditanstalt f\u00fcr Wiederaufbau (KfW). Von 2006 bis Mitte 2008 war sie Vorsitzende und Sprecherin der KfW-Bankengruppe. Nach ihrem Ausscheiden bei der KfW wurde Ingrid Matth\u00e4us- Maier Vorsitzende des Kuratoriums der Friedrich-Ebert-Stiftung.<\/p>\n<p><strong>Veranstaltungsort:<\/strong><br \/>\nHumanistisches Zentrum N\u00fcrnberg,<br \/>\nKinkelstr. 12, Saal Souterrain<\/p>\n<p><strong>Veranstalter:<\/strong><br \/>\nGespr\u00e4chskreis Humanistinnen und Humanisten und Konfessionsfreie in der BayernSPD<br \/>\n<a href=\"http:\/\/www.hvd-bayern.de\" target=\"_blank\">HVD Bayern<\/a><br \/>\n<a href=\"http:\/\/www.gbs-mittelfranken.de\" target=\"_blank\">Giordano-Bruno-Stiftung Regionalgruppe Mittelfranken<\/a><\/p>\n","protected":false},"excerpt":{"rendered":"<p>Ein Vortrag von Ingrid Matth\u00e4us-Maier zum kirchlichen Arbeitsrecht: Freitag, 7. Februar 2014, 19 Uhr, Humanistisches Zentrum N\u00fcrnberg, Kinkelstra\u00dfe 12 Ingrid Matth\u00e4us-Maier ist Sprecherin der Kampagne \u201eGegen religi\u00f6se Diskriminierung am\u00a0 Arbeitsplatz\u201c und langj\u00e4hrige stellvertretende Vorsitzende der SPD-Bundestagsfraktion.<\/p>\n","protected":false},"author":1,"featured_media":30,"comment_status":"closed","ping_status":"open","sticky":false,"template":"","format":"standard","meta":{"spay_email":"","jetpack_publicize_message":"","jetpack_is_tweetstorm":false},"categories":[3],"tags":[],"jetpack_featured_media_url":"https:\/\/humanisten-bayernspd.de\/blog\/wp-content\/uploads\/2014\/01\/imm-e1390855355735.jpg","jetpack_publicize_connections":[],"jetpack_shortlink":"https:\/\/wp.me\/p4jObh-1","jetpack_sharing_enabled":true,"_links":{"self":[{"href":"https:\/\/humanisten-bayernspd.de\/blog\/wp-json\/wp\/v2\/posts\/1"}],"collection":[{"href":"https:\/\/humanisten-bayernspd.de\/blog\/wp-json\/wp\/v2\/posts"}],"about":[{"href":"https:\/\/humanisten-bayernspd.de\/blog\/wp-json\/wp\/v2\/types\/post"}],"author":[{"embeddable":true,"href":"https:\/\/humanisten-bayernspd.de\/blog\/wp-json\/wp\/v2\/users\/1"}],"replies":[{"embeddable":true,"href":"https:\/\/humanisten-bayernspd.de\/blog\/wp-json\/wp\/v2\/comments?post=1"}],"version-history":[{"count":4,"href":"https:\/\/humanisten-bayernspd.de\/blog\/wp-json\/wp\/v2\/posts\/1\/revisions"}],"predecessor-version":[{"id":32,"href":"https:\/\/humanisten-bayernspd.de\/blog\/wp-json\/wp\/v2\/posts\/1\/revisions\/32"}],"wp:featuredmedia":[{"embeddable":true,"href":"https:\/\/humanisten-bayernspd.de\/blog\/wp-json\/wp\/v2\/media\/30"}],"wp:attachment":[{"href":"https:\/\/humanisten-bayernspd.de\/blog\/wp-json\/wp\/v2\/media?parent=1"}],"wp:term":[{"taxonomy":"category","embeddable":true,"href":"https:\/\/humanisten-bayernspd.de\/blog\/wp-json\/wp\/v2\/categories?post=1"},{"taxonomy":"post_tag","embeddable":true,"href":"https:\/\/humanisten-bayernspd.de\/blog\/wp-json\/wp\/v2\/tags?post=1"}],"curies":[{"name":"wp","href":"https:\/\/api.w.org\/{rel}","templated":true}]}}