{"id":130,"date":"2016-08-27T09:55:23","date_gmt":"2016-08-27T08:55:23","guid":{"rendered":"http:\/\/humanisten-bayernspd.de\/blog\/?p=130"},"modified":"2016-08-27T09:56:04","modified_gmt":"2016-08-27T08:56:04","slug":"humanistinnen-und-konfessionsfreie-trauern-um-die-erdbebenopfer-in-italien","status":"publish","type":"post","link":"https:\/\/humanisten-bayernspd.de\/blog\/humanistinnen-und-konfessionsfreie-trauern-um-die-erdbebenopfer-in-italien\/","title":{"rendered":"HumanistInnen und Konfessionsfreie Trauern um Erdbebenopfer in Italien"},"content":{"rendered":"<p>Wir trauern \u00fcber die zahlreichen Menschen, die beim n\u00e4chtlichen Erdbeben in Italien ums Leben gekommen sind. Wir stehen in Trauer und Solidarit\u00e4t vereint an der Seite unserer italienischen Freunde und Partner.<\/p>\n<p>Cordoglio e vicinanza alle famiglie delle vittime del terremoto che ha colpito l\u2019Italia la scorsa notte. Siamo vicini a voi con il cuore e con il pensiero in questi momenti terribili. Solidariet\u00e0 a tutto il popolo italiano e alle sue istituzioni nell\u2019affrontare questa tragedia.<\/p>\n<p><a href=\"https:\/\/humanisten-bayernspd.de\/blog\/wp-content\/uploads\/2016\/08\/14066461_10153880612237749_852843205784957447_o-1.png\" rel=\"attachment wp-att-133\"><img loading=\"lazy\" class=\"alignnone wp-image-133\" src=\"https:\/\/humanisten-bayernspd.de\/blog\/wp-content\/uploads\/2016\/08\/14066461_10153880612237749_852843205784957447_o-1-300x157.png\" alt=\"14066461_10153880612237749_852843205784957447_o\" width=\"533\" height=\"279\" srcset=\"https:\/\/humanisten-bayernspd.de\/blog\/wp-content\/uploads\/2016\/08\/14066461_10153880612237749_852843205784957447_o-1-300x157.png 300w, https:\/\/humanisten-bayernspd.de\/blog\/wp-content\/uploads\/2016\/08\/14066461_10153880612237749_852843205784957447_o-1-768x402.png 768w, https:\/\/humanisten-bayernspd.de\/blog\/wp-content\/uploads\/2016\/08\/14066461_10153880612237749_852843205784957447_o-1-1024x536.png 1024w, https:\/\/humanisten-bayernspd.de\/blog\/wp-content\/uploads\/2016\/08\/14066461_10153880612237749_852843205784957447_o-1-624x327.png 624w, https:\/\/humanisten-bayernspd.de\/blog\/wp-content\/uploads\/2016\/08\/14066461_10153880612237749_852843205784957447_o-1.png 1200w\" sizes=\"(max-width: 533px) 100vw, 533px\" \/><\/a><\/p>\n<div class=\"_5wpt\"><\/div>\n<div id=\"u_0_2m\" class=\"_43f9\"><\/div>\n","protected":false},"excerpt":{"rendered":"<p>Wir trauern \u00fcber die zahlreichen Menschen, die beim n\u00e4chtlichen Erdbeben in Italien ums Leben gekommen sind. Wir stehen in Trauer und Solidarit\u00e4t vereint an der Seite unserer italienischen Freunde und Partner. Cordoglio e vicinanza alle famiglie delle vittime del terremoto che ha colpito l\u2019Italia la scorsa notte. Siamo vicini a voi con il cuore e [&hellip;]<\/p>\n","protected":false},"author":1,"featured_media":0,"comment_status":"closed","ping_status":"open","sticky":false,"template":"","format":"standard","meta":{"spay_email":"","jetpack_publicize_message":"","jetpack_is_tweetstorm":false},"categories":[5,4],"tags":[],"jetpack_featured_media_url":"","jetpack_publicize_connections":[],"jetpack_shortlink":"https:\/\/wp.me\/p4jObh-26","jetpack_sharing_enabled":true,"_links":{"self":[{"href":"https:\/\/humanisten-bayernspd.de\/blog\/wp-json\/wp\/v2\/posts\/130"}],"collection":[{"href":"https:\/\/humanisten-bayernspd.de\/blog\/wp-json\/wp\/v2\/posts"}],"about":[{"href":"https:\/\/humanisten-bayernspd.de\/blog\/wp-json\/wp\/v2\/types\/post"}],"author":[{"embeddable":true,"href":"https:\/\/humanisten-bayernspd.de\/blog\/wp-json\/wp\/v2\/users\/1"}],"replies":[{"embeddable":true,"href":"https:\/\/humanisten-bayernspd.de\/blog\/wp-json\/wp\/v2\/comments?post=130"}],"version-history":[{"count":2,"href":"https:\/\/humanisten-bayernspd.de\/blog\/wp-json\/wp\/v2\/posts\/130\/revisions"}],"predecessor-version":[{"id":136,"href":"https:\/\/humanisten-bayernspd.de\/blog\/wp-json\/wp\/v2\/posts\/130\/revisions\/136"}],"wp:attachment":[{"href":"https:\/\/humanisten-bayernspd.de\/blog\/wp-json\/wp\/v2\/media?parent=130"}],"wp:term":[{"taxonomy":"category","embeddable":true,"href":"https:\/\/humanisten-bayernspd.de\/blog\/wp-json\/wp\/v2\/categories?post=130"},{"taxonomy":"post_tag","embeddable":true,"href":"https:\/\/humanisten-bayernspd.de\/blog\/wp-json\/wp\/v2\/tags?post=130"}],"curies":[{"name":"wp","href":"https:\/\/api.w.org\/{rel}","templated":true}]}}