{"id":142,"date":"2016-12-02T20:01:02","date_gmt":"2016-12-02T19:01:02","guid":{"rendered":"http:\/\/humanisten-bayernspd.de\/blog\/?p=142"},"modified":"2016-12-02T20:01:02","modified_gmt":"2016-12-02T19:01:02","slug":"bundesverfassungsgericht-kippt-generelles-tanzverbot","status":"publish","type":"post","link":"https:\/\/humanisten-bayernspd.de\/blog\/bundesverfassungsgericht-kippt-generelles-tanzverbot\/","title":{"rendered":"Bundesverfassungsgericht kippt generelles Tanzverbot"},"content":{"rendered":"<p>Das <a href=\"http:\/\/www.bfg-muenchen.de\/portal\/article\/verfassungsgericht-kippt-strikten-feiertagsschutz\">Bundesverfassungsgericht hat einer Beschwerde des Bunds f\u00fcr Geistesfreiheit M\u00fcnchen (bfg) stattgegeben<\/a>. Die &#8222;Heidenspa\u00dfparty&#8220; am Karfreitag 2007 wurde als weltanschauliche Veranstaltung des bfg, einer K\u00f6rperschaft des \u00f6ffentlichen Rechts, anerkannt.<\/p>\n<p><em>Bild: <a href=\"http:\/\/www.bfg-muenchen.de\/portal\/article\/wer-hat-den-sch%C3%A4fflern-den-saft-abgedreht\">Pixabay \/ Public Domain<\/a><\/em><\/p>\n","protected":false},"excerpt":{"rendered":"<p>Das Bundesverfassungsgericht hat einer Beschwerde des Bunds f\u00fcr Geistesfreiheit M\u00fcnchen (bfg) stattgegeben. Die &#8222;Heidenspa\u00dfparty&#8220; am Karfreitag 2007 wurde als weltanschauliche Veranstaltung des bfg, einer K\u00f6rperschaft des \u00f6ffentlichen Rechts, anerkannt. Bild: Pixabay \/ Public Domain<\/p>\n","protected":false},"author":1,"featured_media":143,"comment_status":"closed","ping_status":"open","sticky":false,"template":"","format":"standard","meta":{"spay_email":"","jetpack_publicize_message":"","jetpack_is_tweetstorm":false},"categories":[1],"tags":[],"jetpack_featured_media_url":"https:\/\/humanisten-bayernspd.de\/blog\/wp-content\/uploads\/2016\/12\/live-concert-388160_640.jpg","jetpack_publicize_connections":[],"jetpack_shortlink":"https:\/\/wp.me\/p4jObh-2i","jetpack_sharing_enabled":true,"_links":{"self":[{"href":"https:\/\/humanisten-bayernspd.de\/blog\/wp-json\/wp\/v2\/posts\/142"}],"collection":[{"href":"https:\/\/humanisten-bayernspd.de\/blog\/wp-json\/wp\/v2\/posts"}],"about":[{"href":"https:\/\/humanisten-bayernspd.de\/blog\/wp-json\/wp\/v2\/types\/post"}],"author":[{"embeddable":true,"href":"https:\/\/humanisten-bayernspd.de\/blog\/wp-json\/wp\/v2\/users\/1"}],"replies":[{"embeddable":true,"href":"https:\/\/humanisten-bayernspd.de\/blog\/wp-json\/wp\/v2\/comments?post=142"}],"version-history":[{"count":1,"href":"https:\/\/humanisten-bayernspd.de\/blog\/wp-json\/wp\/v2\/posts\/142\/revisions"}],"predecessor-version":[{"id":144,"href":"https:\/\/humanisten-bayernspd.de\/blog\/wp-json\/wp\/v2\/posts\/142\/revisions\/144"}],"wp:featuredmedia":[{"embeddable":true,"href":"https:\/\/humanisten-bayernspd.de\/blog\/wp-json\/wp\/v2\/media\/143"}],"wp:attachment":[{"href":"https:\/\/humanisten-bayernspd.de\/blog\/wp-json\/wp\/v2\/media?parent=142"}],"wp:term":[{"taxonomy":"category","embeddable":true,"href":"https:\/\/humanisten-bayernspd.de\/blog\/wp-json\/wp\/v2\/categories?post=142"},{"taxonomy":"post_tag","embeddable":true,"href":"https:\/\/humanisten-bayernspd.de\/blog\/wp-json\/wp\/v2\/tags?post=142"}],"curies":[{"name":"wp","href":"https:\/\/api.w.org\/{rel}","templated":true}]}}